{"id":199,"date":"2025-03-03T14:09:00","date_gmt":"2025-03-03T14:09:00","guid":{"rendered":"https:\/\/sanpsy-prod.onlinecreation.pro\/?p=199"},"modified":"2025-08-18T07:35:34","modified_gmt":"2025-08-18T07:35:34","slug":"matinee-dechanges-avec-le-pr-auriacombe-a-auch-jeudi-27-mars-2025","status":"publish","type":"post","link":"https:\/\/sanpsy.u-bordeaux.fr\/fr\/2025\/03\/03\/matinee-dechanges-avec-le-pr-auriacombe-a-auch-jeudi-27-mars-2025\/","title":{"rendered":"Matin\u00e9e d&rsquo;\u00e9changes avec le Pr. Auriacombe \u00e0 Auch"},"content":{"rendered":"\n<p><strong>Le Pr. Auriacombe sera \u00e0 Auch (salle du Mouzon) ce jeudi 27 mars pour une matin\u00e9e d&rsquo;\u00e9changes sur le th\u00e8me :<\/strong><\/p>\n\n\n\n<p>ADDICTION(S) : ENTRE PSYCHIATRIE ET M\u00c9DECINE SOMATIQUE, UN SINGULIER PLURIEL OU UN PLURIEL SINGULIER ?<\/p>\n\n\n\n<p>&#8211; Introduction et tour de table<br>&#8211; Le normal : Pourquoi on fait usage d\u2019objets d\u2019addiction et pourquoi c\u2019est n\u00e9cessaire<br>&#8211; Le pathologique : l\u2019addiction comme d\u00e9r\u00e9gulation d\u2019un syst\u00e8me et les autres possibilit\u00e9s d\u2019usages probl\u00e9matiques<br>&#8211; Quels objectifs th\u00e9rapeutiques et comment rendre nos interventions plus efficaces.<br>&#8211; Le relais<br>&#8211; Discussion<\/p>\n\n\n\n<p><strong>Cet \u00e9v\u00e9nement est co-organis\u00e9 par le CSAPA d&rsquo;Auch Addictions France et le CSAPA Arthur Rimbaud, accueil \u00e0 9h30 avec conf\u00e9rence de 10h \u00e0 12h.<\/strong><\/p>\n\n\n\n<figure class=\"wp-block-image size-full\"><img loading=\"lazy\" decoding=\"async\" width=\"919\" height=\"906\" src=\"https:\/\/sanpsy-prod.onlinecreation.pro\/wp-content\/uploads\/sites\/28\/2025\/04\/auriacombe-2025_03_26_a_1.41.png\" alt=\"\" class=\"wp-image-200\" srcset=\"https:\/\/sanpsy.u-bordeaux.fr\/wp-content\/uploads\/sites\/28\/2025\/04\/auriacombe-2025_03_26_a_1.41.png 919w, https:\/\/sanpsy.u-bordeaux.fr\/wp-content\/uploads\/sites\/28\/2025\/04\/auriacombe-2025_03_26_a_1.41-300x296.png 300w, https:\/\/sanpsy.u-bordeaux.fr\/wp-content\/uploads\/sites\/28\/2025\/04\/auriacombe-2025_03_26_a_1.41-768x757.png 768w\" sizes=\"auto, (max-width: 919px) 100vw, 919px\" \/><\/figure>\n","protected":false},"excerpt":{"rendered":"<p>Addictions(s) : Entre psychiatrie et m\u00e9decine somatique, un singulier pluriel ou un pluriel singulier?<\/p>\n","protected":false},"author":2,"featured_media":0,"comment_status":"open","ping_status":"open","sticky":false,"template":"","format":"standard","meta":{"footnotes":""},"categories":[16],"tags":[],"class_list":["post-199","post","type-post","status-publish","format-standard","hentry","category-evenement-grand-public"],"_links":{"self":[{"href":"https:\/\/sanpsy.u-bordeaux.fr\/fr\/wp-json\/wp\/v2\/posts\/199","targetHints":{"allow":["GET"]}}],"collection":[{"href":"https:\/\/sanpsy.u-bordeaux.fr\/fr\/wp-json\/wp\/v2\/posts"}],"about":[{"href":"https:\/\/sanpsy.u-bordeaux.fr\/fr\/wp-json\/wp\/v2\/types\/post"}],"author":[{"embeddable":true,"href":"https:\/\/sanpsy.u-bordeaux.fr\/fr\/wp-json\/wp\/v2\/users\/2"}],"replies":[{"embeddable":true,"href":"https:\/\/sanpsy.u-bordeaux.fr\/fr\/wp-json\/wp\/v2\/comments?post=199"}],"version-history":[{"count":5,"href":"https:\/\/sanpsy.u-bordeaux.fr\/fr\/wp-json\/wp\/v2\/posts\/199\/revisions"}],"predecessor-version":[{"id":574,"href":"https:\/\/sanpsy.u-bordeaux.fr\/fr\/wp-json\/wp\/v2\/posts\/199\/revisions\/574"}],"wp:attachment":[{"href":"https:\/\/sanpsy.u-bordeaux.fr\/fr\/wp-json\/wp\/v2\/media?parent=199"}],"wp:term":[{"taxonomy":"category","embeddable":true,"href":"https:\/\/sanpsy.u-bordeaux.fr\/fr\/wp-json\/wp\/v2\/categories?post=199"},{"taxonomy":"post_tag","embeddable":true,"href":"https:\/\/sanpsy.u-bordeaux.fr\/fr\/wp-json\/wp\/v2\/tags?post=199"}],"curies":[{"name":"wp","href":"https:\/\/api.w.org\/{rel}","templated":true}]}}